{"id":324,"date":"2022-06-17T15:00:03","date_gmt":"2022-06-17T15:00:03","guid":{"rendered":"http:\/\/stereowatschn.de\/?p=324"},"modified":"2022-10-21T13:30:58","modified_gmt":"2022-10-21T13:30:58","slug":"brandneie-single-ab-den-17-6-22","status":"publish","type":"post","link":"http:\/\/stereowatschn.de\/?p=324","title":{"rendered":"BRANDNEIE SINGLE ab den 17.6.22"},"content":{"rendered":"<h2 style=\"text-align: center;\">WANN WIRDS MOI WIEDA RICHTIG VOIKSFEST?<\/h2>\n<p style=\"text-align: center;\"><img loading=\"lazy\" class=\"alignnone size-medium wp-image-326\" src=\"http:\/\/stereowatschn.de\/wp-content\/uploads\/2022\/06\/IMG_8595-300x300.jpg\" alt=\"\" width=\"300\" height=\"300\" srcset=\"http:\/\/stereowatschn.de\/wp-content\/uploads\/2022\/06\/IMG_8595-300x300.jpg 300w, http:\/\/stereowatschn.de\/wp-content\/uploads\/2022\/06\/IMG_8595-150x150.jpg 150w, http:\/\/stereowatschn.de\/wp-content\/uploads\/2022\/06\/IMG_8595-768x768.jpg 768w, http:\/\/stereowatschn.de\/wp-content\/uploads\/2022\/06\/IMG_8595-700x700.jpg 700w\" sizes=\"(max-width: 300px) 100vw, 300px\" \/><\/p>\n<p style=\"text-align: center;\">Der Klassiker von Rudi Carell bekommt einen frisch blau-wei\u00dfen Anstrich und l\u00e4utet die erste Volksfest-Saison nach der Pandemie standesgem\u00e4\u00df ein!<\/p>\n","protected":false},"excerpt":{"rendered":"<p>WANN WIRDS MOI WIEDA RICHTIG VOIKSFEST? Der Klassiker von Rudi Carell bekommt einen frisch blau-wei\u00dfen Anstrich und l\u00e4utet die erste Volksfest-Saison nach der Pandemie standesgem\u00e4\u00df ein!<\/p>\n","protected":false},"author":1,"featured_media":0,"comment_status":"closed","ping_status":"closed","sticky":false,"template":"","format":"standard","meta":[],"categories":[1],"tags":[],"_links":{"self":[{"href":"http:\/\/stereowatschn.de\/index.php?rest_route=\/wp\/v2\/posts\/324"}],"collection":[{"href":"http:\/\/stereowatschn.de\/index.php?rest_route=\/wp\/v2\/posts"}],"about":[{"href":"http:\/\/stereowatschn.de\/index.php?rest_route=\/wp\/v2\/types\/post"}],"author":[{"embeddable":true,"href":"http:\/\/stereowatschn.de\/index.php?rest_route=\/wp\/v2\/users\/1"}],"replies":[{"embeddable":true,"href":"http:\/\/stereowatschn.de\/index.php?rest_route=%2Fwp%2Fv2%2Fcomments&post=324"}],"version-history":[{"count":4,"href":"http:\/\/stereowatschn.de\/index.php?rest_route=\/wp\/v2\/posts\/324\/revisions"}],"predecessor-version":[{"id":334,"href":"http:\/\/stereowatschn.de\/index.php?rest_route=\/wp\/v2\/posts\/324\/revisions\/334"}],"wp:attachment":[{"href":"http:\/\/stereowatschn.de\/index.php?rest_route=%2Fwp%2Fv2%2Fmedia&parent=324"}],"wp:term":[{"taxonomy":"category","embeddable":true,"href":"http:\/\/stereowatschn.de\/index.php?rest_route=%2Fwp%2Fv2%2Fcategories&post=324"},{"taxonomy":"post_tag","embeddable":true,"href":"http:\/\/stereowatschn.de\/index.php?rest_route=%2Fwp%2Fv2%2Ftags&post=324"}],"curies":[{"name":"wp","href":"https:\/\/api.w.org\/{rel}","templated":true}]}}